{"id":5912,"date":"2024-03-05T12:24:54","date_gmt":"2024-03-05T12:24:54","guid":{"rendered":"https:\/\/mediaclap.eu\/?p=5912"},"modified":"2024-03-05T12:24:56","modified_gmt":"2024-03-05T12:24:56","slug":"o-clap-esta-em-almada-e-na-linha-de-sintra","status":"publish","type":"post","link":"https:\/\/mediaclap.eu\/pt-pt\/o-clap-esta-em-almada-e-na-linha-de-sintra\/","title":{"rendered":"O CLAP est\u00e1 em Almada e na Linha de Sintra"},"content":{"rendered":"\n<p>No in\u00edcio de 2024, o comboio do projeto CLAP chegou a novas paragens: Almada e Linha de Sintra.<\/p>\n\n\n\n<p>A 4Change iniciou dois processos formativos com grupos de novas 11 pessoas facilitadoras nos dois territ\u00f3rios, acolhidos pela Associa\u00e7\u00e3o Almada Mundo (Almada) e pela Jipangue (Linha de Sintra), e arrancamos no m\u00eas de Mar\u00e7o com o testagem das atividades do <em>toolkit <\/em>com os grupos acompanhados por estas\/es mediadoras\/es.<\/p>\n\n\n\n<p>Em ambas as experi\u00eancias, a proposta CLAP foi acolhida de bra\u00e7os abertos e tida como necess\u00e1ria no contexto de maior polariza\u00e7\u00e3o do discurso racista e xen\u00f3fobo que se vive em Portugal e, especialmente, nestes dois territ\u00f3rios que convivem com uma narrativa medi\u00e1tica depreciativa sobre si e sobre as suas pessoas.<\/p>\n\n\n\n<p>Nunca foi t\u00e3o bom pensar e trabalhar coletivamente pelos direitos de todas as pessoas.<\/p>\n","protected":false},"excerpt":{"rendered":"<p>No in\u00edcio de 2024, o comboio do projeto CLAP chegou a novas paragens: Almada e Linha de Sintra. A 4Change iniciou dois processos formativos com grupos de novas 11 pessoas facilitadoras&#8230;<\/p>\n","protected":false},"author":6,"featured_media":5913,"comment_status":"closed","ping_status":"closed","sticky":false,"template":"","format":"standard","meta":{"_kad_blocks_custom_css":"","_kad_blocks_head_custom_js":"","_kad_blocks_body_custom_js":"","_kad_blocks_footer_custom_js":"","_kad_post_transparent":"","_kad_post_title":"","_kad_post_layout":"","_kad_post_sidebar_id":"","_kad_post_content_style":"","_kad_post_vertical_padding":"","_kad_post_feature":"","_kad_post_feature_position":"","_kad_post_header":false,"_kad_post_footer":false,"_kad_post_classname":"","footnotes":""},"categories":[47],"tags":[],"class_list":["post-5912","post","type-post","status-publish","format-standard","has-post-thumbnail","hentry","category-encontros"],"taxonomy_info":{"category":[{"value":47,"label":"Encontros"}]},"featured_image_src_large":["https:\/\/mediaclap.eu\/wp-content\/uploads\/2024\/03\/20240304_163108-768x1024.jpg",768,1024,true],"author_info":{"display_name":"Sandra","author_link":"https:\/\/mediaclap.eu\/pt-pt\/author\/sandra\/"},"comment_info":0,"category_info":[{"term_id":47,"name":"Encontros","slug":"encontros","term_group":0,"term_taxonomy_id":47,"taxonomy":"category","description":"","parent":0,"count":19,"filter":"raw","cat_ID":47,"category_count":19,"category_description":"","cat_name":"Encontros","category_nicename":"encontros","category_parent":0}],"tag_info":false,"_links":{"self":[{"href":"https:\/\/mediaclap.eu\/pt-pt\/wp-json\/wp\/v2\/posts\/5912","targetHints":{"allow":["GET"]}}],"collection":[{"href":"https:\/\/mediaclap.eu\/pt-pt\/wp-json\/wp\/v2\/posts"}],"about":[{"href":"https:\/\/mediaclap.eu\/pt-pt\/wp-json\/wp\/v2\/types\/post"}],"author":[{"embeddable":true,"href":"https:\/\/mediaclap.eu\/pt-pt\/wp-json\/wp\/v2\/users\/6"}],"replies":[{"embeddable":true,"href":"https:\/\/mediaclap.eu\/pt-pt\/wp-json\/wp\/v2\/comments?post=5912"}],"version-history":[{"count":1,"href":"https:\/\/mediaclap.eu\/pt-pt\/wp-json\/wp\/v2\/posts\/5912\/revisions"}],"predecessor-version":[{"id":5917,"href":"https:\/\/mediaclap.eu\/pt-pt\/wp-json\/wp\/v2\/posts\/5912\/revisions\/5917"}],"wp:featuredmedia":[{"embeddable":true,"href":"https:\/\/mediaclap.eu\/pt-pt\/wp-json\/wp\/v2\/media\/5913"}],"wp:attachment":[{"href":"https:\/\/mediaclap.eu\/pt-pt\/wp-json\/wp\/v2\/media?parent=5912"}],"wp:term":[{"taxonomy":"category","embeddable":true,"href":"https:\/\/mediaclap.eu\/pt-pt\/wp-json\/wp\/v2\/categories?post=5912"},{"taxonomy":"post_tag","embeddable":true,"href":"https:\/\/mediaclap.eu\/pt-pt\/wp-json\/wp\/v2\/tags?post=5912"}],"curies":[{"name":"wp","href":"https:\/\/api.w.org\/{rel}","templated":true}]}}