{"id":5354,"date":"2023-12-22T15:57:06","date_gmt":"2023-12-22T15:57:06","guid":{"rendered":"https:\/\/mediaclap.eu\/?p=5354"},"modified":"2024-02-09T15:49:05","modified_gmt":"2024-02-09T15:49:05","slug":"foi-bonita-a-festa-com-a-renovar-a-mouraria","status":"publish","type":"post","link":"https:\/\/mediaclap.eu\/pt-pt\/foi-bonita-a-festa-com-a-renovar-a-mouraria\/","title":{"rendered":"Foi bonita a festa, com a Renovar a Mouraria"},"content":{"rendered":"\n<p>Depois de v\u00e1rios meses de trabalho de reflex\u00e3o e desenho de conte\u00fados formativos, o CLAP saiu \u00e0s ruas de Lisboa em dire\u00e7\u00e3o ao bairro mais intercultural da cidade: a Mouraria.&nbsp;<\/p>\n\n\n\n<p>Foi a Renovar a Mouraria que nos abriu as portas para iniciar um Ciclo Formativo de Produ\u00e7\u00e3o Medi\u00e1tica Antirracista e introduzir parte da sua equipa \u00e0 experi\u00eancia CLAP: foram momentos de reflex\u00e3o conjunta, aprendizagem em contexto e levantamento de possibilidades para o trabalho futuro com as pessoas com quem a organiza\u00e7\u00e3o trabalha, com uma a\u00e7\u00e3o central no apoio \u00e0 comunidade migrante de Lisboa.<\/p>\n\n\n\n<p>A equipa do CLAP est\u00e1 ansiosa para regressar \u00e0 Mouraria, agora para ouvir as hist\u00f3rias das suas gentes e colocar um l\u00e1pis, um storyboard e uma c\u00e2mara na m\u00e3o de cada pessoa.<\/p>\n","protected":false},"excerpt":{"rendered":"<p>Depois de v\u00e1rios meses de trabalho de reflex\u00e3o e desenho de conte\u00fados formativos, o CLAP saiu \u00e0s ruas de Lisboa em dire\u00e7\u00e3o ao bairro mais intercultural da cidade: a Mouraria.&nbsp; Foi&#8230;<\/p>\n","protected":false},"author":6,"featured_media":5355,"comment_status":"closed","ping_status":"closed","sticky":false,"template":"","format":"standard","meta":{"_kad_blocks_custom_css":"","_kad_blocks_head_custom_js":"","_kad_blocks_body_custom_js":"","_kad_blocks_footer_custom_js":"","_kad_post_transparent":"","_kad_post_title":"","_kad_post_layout":"","_kad_post_sidebar_id":"","_kad_post_content_style":"","_kad_post_vertical_padding":"","_kad_post_feature":"","_kad_post_feature_position":"","_kad_post_header":false,"_kad_post_footer":false,"_kad_post_classname":"","footnotes":""},"categories":[47],"tags":[],"class_list":["post-5354","post","type-post","status-publish","format-standard","has-post-thumbnail","hentry","category-encontros"],"taxonomy_info":{"category":[{"value":47,"label":"Encontros"}]},"featured_image_src_large":["https:\/\/mediaclap.eu\/wp-content\/uploads\/2023\/12\/FocusGroup_2023_10_16-1024x768.jpeg",1024,768,true],"author_info":{"display_name":"Sandra","author_link":"https:\/\/mediaclap.eu\/pt-pt\/author\/sandra\/"},"comment_info":0,"category_info":[{"term_id":47,"name":"Encontros","slug":"encontros","term_group":0,"term_taxonomy_id":47,"taxonomy":"category","description":"","parent":0,"count":19,"filter":"raw","cat_ID":47,"category_count":19,"category_description":"","cat_name":"Encontros","category_nicename":"encontros","category_parent":0}],"tag_info":false,"_links":{"self":[{"href":"https:\/\/mediaclap.eu\/pt-pt\/wp-json\/wp\/v2\/posts\/5354","targetHints":{"allow":["GET"]}}],"collection":[{"href":"https:\/\/mediaclap.eu\/pt-pt\/wp-json\/wp\/v2\/posts"}],"about":[{"href":"https:\/\/mediaclap.eu\/pt-pt\/wp-json\/wp\/v2\/types\/post"}],"author":[{"embeddable":true,"href":"https:\/\/mediaclap.eu\/pt-pt\/wp-json\/wp\/v2\/users\/6"}],"replies":[{"embeddable":true,"href":"https:\/\/mediaclap.eu\/pt-pt\/wp-json\/wp\/v2\/comments?post=5354"}],"version-history":[{"count":1,"href":"https:\/\/mediaclap.eu\/pt-pt\/wp-json\/wp\/v2\/posts\/5354\/revisions"}],"predecessor-version":[{"id":5359,"href":"https:\/\/mediaclap.eu\/pt-pt\/wp-json\/wp\/v2\/posts\/5354\/revisions\/5359"}],"wp:featuredmedia":[{"embeddable":true,"href":"https:\/\/mediaclap.eu\/pt-pt\/wp-json\/wp\/v2\/media\/5355"}],"wp:attachment":[{"href":"https:\/\/mediaclap.eu\/pt-pt\/wp-json\/wp\/v2\/media?parent=5354"}],"wp:term":[{"taxonomy":"category","embeddable":true,"href":"https:\/\/mediaclap.eu\/pt-pt\/wp-json\/wp\/v2\/categories?post=5354"},{"taxonomy":"post_tag","embeddable":true,"href":"https:\/\/mediaclap.eu\/pt-pt\/wp-json\/wp\/v2\/tags?post=5354"}],"curies":[{"name":"wp","href":"https:\/\/api.w.org\/{rel}","templated":true}]}}