{"id":11551,"date":"2025-05-13T09:42:22","date_gmt":"2025-05-13T09:42:22","guid":{"rendered":"https:\/\/mediaclap.eu\/?p=11551"},"modified":"2025-05-13T09:42:24","modified_gmt":"2025-05-13T09:42:24","slug":"historia-e-cultura-cigana-para-a-comunidade-educativa","status":"publish","type":"post","link":"https:\/\/mediaclap.eu\/pt-pt\/historia-e-cultura-cigana-para-a-comunidade-educativa\/","title":{"rendered":"Hist\u00f3ria e Cultura Cigana para a comunidade educativa"},"content":{"rendered":"\n<p>Durante o m\u00eas de abril, a <a href=\"https:\/\/www.facebook.com\/profile.php?id=100064559783957\" target=\"_blank\" rel=\"noreferrer noopener\">Costume Colossal \u2013 Associa\u00e7\u00e3o pela Integra\u00e7\u00e3o da Comunidade Cigana<\/a>, em parceria com a <a href=\"https:\/\/almadamundo.pt\/\" target=\"_blank\" rel=\"noreferrer noopener\">Almada Mundo \u2013 Associa\u00e7\u00e3o Internacional<\/a>, com o apoio da <a href=\"https:\/\/www.cm-almada.pt\/\" target=\"_blank\" rel=\"noreferrer noopener\">C\u00e2mara Municipal de Almada<\/a> e da ONGD <a href=\"https:\/\/4change.org\/\" target=\"_blank\" rel=\"noreferrer noopener\">4Change<\/a>, dinamizou duas sess\u00f5es de sensibiliza\u00e7\u00e3o sobre Hist\u00f3ria e Cultura Cigana, no \u00e2mbito do projeto europeu CLAP \u2013 Aprendizagem Coletiva atrav\u00e9s da Produ\u00e7\u00e3o Medi\u00e1tica Antirracista.<br><\/p>\n\n\n\n<p>As sess\u00f5es decorreram no Agrupamento de Escolas Ruy Lu\u00eds Gomes (11 de abril) e no Agrupamento da Trafaria (16 de abril), com a participa\u00e7\u00e3o ativa de docentes, educadores e assistentes operacionais.<br><br>Atrav\u00e9s do v\u00eddeo educativo do projeto CLAP e dos testemunhos na primeira pessoa de Vic\u00eancia Cabe\u00e7as e Fernando Maia do Carmo, foram criados espa\u00e7os de escuta, di\u00e1logo e reflex\u00e3o cr\u00edtica sobre preconceitos associados \u00e0 comunidade cigana.<br><br>Foram tamb\u00e9m partilhados recursos pedag\u00f3gicos para trabalhar o combate \u00e0 discrimina\u00e7\u00e3o em contexto educativo.<br><br>A 4Change, enquanto parceira portuguesa do CLAP, assegura a dinamiza\u00e7\u00e3o de atividades formativas e a promo\u00e7\u00e3o de conte\u00fados medi\u00e1ticos com enfoque antirracista e inclusivo.<br><br>Explora os <a href=\"https:\/\/mediaclap.eu\/pt-pt\/self-training-modules-po\/\">recursos<\/a> dispon\u00edveis gratuitamente neste website.<\/p>\n\n\n\n<p><\/p>\n","protected":false},"excerpt":{"rendered":"<p>Durante o m\u00eas de abril, a Costume Colossal \u2013 Associa\u00e7\u00e3o pela Integra\u00e7\u00e3o da Comunidade Cigana, em parceria com a Almada Mundo \u2013 Associa\u00e7\u00e3o Internacional, com o apoio da C\u00e2mara Municipal de&#8230;<\/p>\n","protected":false},"author":149,"featured_media":11552,"comment_status":"closed","ping_status":"closed","sticky":false,"template":"","format":"standard","meta":{"_kad_blocks_custom_css":"","_kad_blocks_head_custom_js":"","_kad_blocks_body_custom_js":"","_kad_blocks_footer_custom_js":"","_kad_post_transparent":"","_kad_post_title":"","_kad_post_layout":"","_kad_post_sidebar_id":"","_kad_post_content_style":"","_kad_post_vertical_padding":"","_kad_post_feature":"","_kad_post_feature_position":"","_kad_post_header":false,"_kad_post_footer":false,"_kad_post_classname":"","footnotes":""},"categories":[47],"tags":[],"class_list":["post-11551","post","type-post","status-publish","format-standard","has-post-thumbnail","hentry","category-encontros"],"taxonomy_info":{"category":[{"value":47,"label":"Encontros"}]},"featured_image_src_large":["https:\/\/mediaclap.eu\/wp-content\/uploads\/2025\/05\/WhatsApp-Image-2025-04-16-at-13.29.27-4-1024x768.jpeg",1024,768,true],"author_info":{"display_name":"4Change","author_link":"https:\/\/mediaclap.eu\/pt-pt\/author\/felipe\/"},"comment_info":0,"category_info":[{"term_id":47,"name":"Encontros","slug":"encontros","term_group":0,"term_taxonomy_id":47,"taxonomy":"category","description":"","parent":0,"count":19,"filter":"raw","cat_ID":47,"category_count":19,"category_description":"","cat_name":"Encontros","category_nicename":"encontros","category_parent":0}],"tag_info":false,"_links":{"self":[{"href":"https:\/\/mediaclap.eu\/pt-pt\/wp-json\/wp\/v2\/posts\/11551","targetHints":{"allow":["GET"]}}],"collection":[{"href":"https:\/\/mediaclap.eu\/pt-pt\/wp-json\/wp\/v2\/posts"}],"about":[{"href":"https:\/\/mediaclap.eu\/pt-pt\/wp-json\/wp\/v2\/types\/post"}],"author":[{"embeddable":true,"href":"https:\/\/mediaclap.eu\/pt-pt\/wp-json\/wp\/v2\/users\/149"}],"replies":[{"embeddable":true,"href":"https:\/\/mediaclap.eu\/pt-pt\/wp-json\/wp\/v2\/comments?post=11551"}],"version-history":[{"count":1,"href":"https:\/\/mediaclap.eu\/pt-pt\/wp-json\/wp\/v2\/posts\/11551\/revisions"}],"predecessor-version":[{"id":11556,"href":"https:\/\/mediaclap.eu\/pt-pt\/wp-json\/wp\/v2\/posts\/11551\/revisions\/11556"}],"wp:featuredmedia":[{"embeddable":true,"href":"https:\/\/mediaclap.eu\/pt-pt\/wp-json\/wp\/v2\/media\/11552"}],"wp:attachment":[{"href":"https:\/\/mediaclap.eu\/pt-pt\/wp-json\/wp\/v2\/media?parent=11551"}],"wp:term":[{"taxonomy":"category","embeddable":true,"href":"https:\/\/mediaclap.eu\/pt-pt\/wp-json\/wp\/v2\/categories?post=11551"},{"taxonomy":"post_tag","embeddable":true,"href":"https:\/\/mediaclap.eu\/pt-pt\/wp-json\/wp\/v2\/tags?post=11551"}],"curies":[{"name":"wp","href":"https:\/\/api.w.org\/{rel}","templated":true}]}}